{"id":2455,"date":"2020-09-28T17:17:48","date_gmt":"2020-09-28T15:17:48","guid":{"rendered":"http:\/\/www.kv15.wien\/wp\/?p=2455"},"modified":"2020-12-05T10:46:23","modified_gmt":"2020-12-05T09:46:23","slug":"so-04-10-2020-15-00-uhr-alles-leiwand-im-15-hieb","status":"publish","type":"post","link":"http:\/\/www.kv15.wien\/wp\/so-04-10-2020-15-00-uhr-alles-leiwand-im-15-hieb\/","title":{"rendered":"04.10.2020, 15.00 Uhr: Alles leiwand im 15. Hieb!"},"content":{"rendered":"<figure id=\"attachment_2532\" aria-describedby=\"caption-attachment-2532\" style=\"width: 300px\" class=\"wp-caption aligncenter\"><a href=\"https:\/\/i0.wp.com\/www.kv15.wien\/wp\/wp-content\/uploads\/2020\/09\/20201004_F%C3%BChrung_web.jpg\"><img data-recalc-dims=\"1\" loading=\"lazy\" decoding=\"async\" class=\"size-medium wp-image-2532\" src=\"https:\/\/i0.wp.com\/www.kv15.wien\/wp\/wp-content\/uploads\/2020\/09\/20201004_F%C3%BChrung_web.jpg?resize=300%2C225\" alt=\"Gefl\u00fcgelte Worte, Redewendungen und typisch Wienerisches wurden von Kathi Trost bei ihrer F\u00fchrung durch den 15. Bezirk bildhaft unterlegt. (Foto: Dietmar Baurecht).\" width=\"300\" height=\"225\" srcset=\"https:\/\/i0.wp.com\/www.kv15.wien\/wp\/wp-content\/uploads\/2020\/09\/20201004_F%C3%BChrung_web.jpg?resize=300%2C225 300w, https:\/\/i0.wp.com\/www.kv15.wien\/wp\/wp-content\/uploads\/2020\/09\/20201004_F%C3%BChrung_web.jpg?resize=768%2C577 768w, https:\/\/i0.wp.com\/www.kv15.wien\/wp\/wp-content\/uploads\/2020\/09\/20201004_F%C3%BChrung_web.jpg?w=955 955w\" sizes=\"auto, (max-width: 300px) 100vw, 300px\" \/><\/a><figcaption id=\"caption-attachment-2532\" class=\"wp-caption-text\">Gefl\u00fcgelte Worte, Redewendungen und typisch Wienerisches wurden von Kathi Trost bei ihrer F\u00fchrung durch den 15. Bezirk bildhaft unterlegt. (Foto: Dietmar Baurecht).<\/figcaption><\/figure>\n<p>Gefl\u00fcgelte Worte, Redewendungen und typisch Wienerisches stand bei der F\u00fchrung von Katharina Trost auf der Tagesordnung. Abgeklopft wurden die verschiedenen Begriffe mit realen Objekten und Orten im 15. Bezirk. Vom &#8222;Sind Sie schon einmal auf den Hund gekommen?&#8220; bis zu &#8222;Warum macht kalter Kaffee eigentlich sch\u00f6n?&#8220; ging es durch den 15. Bezirk.<\/p>\n<p>Einige Stimmen und Kommentare der F\u00fchrungen vom 26. und 27.08.2020:<\/p>\n<p><em>&#8222;Vielen Dank f\u00fcr die tolle, am\u00fcsante und interessante F\u00fchrung. Sie hat mir in der eingeschr\u00e4nkten Zeit\u00a0einen sch\u00f6nen Zeitvertreib geboten!&#8220;<\/em><\/p>\n<p><em>&#8222;Frau Trost war sehr kompetent, engagiert, erfahren und au\u00dferdem auch noch \u00e4u\u00dferst sympathisch. Wir haben wirklich viel gelernt und blicken auf einen sehr lehrreichen Spaziergang zur\u00fcck. Sch\u00f6n, dass so etwas erm\u00f6glicht wird.&#8220;\u00a0<\/em><\/p>\n<p><em>&#8222;Die F\u00fchrung hat uns beiden sehr gut gefallen, nette Ideen kompetent pr\u00e4sentiert.&#8220;<\/em><\/p>\n","protected":false},"excerpt":{"rendered":"<p>Gefl\u00fcgelte Worte, Redewendungen und typisch Wienerisches stand bei der F\u00fchrung von Katharina Trost auf der Tagesordnung. Abgeklopft wurden die verschiedenen Begriffe mit realen Objekten und Orten im 15. Bezirk. Vom &#8222;Sind Sie schon einmal auf den Hund gekommen?&#8220; bis zu &#8222;Warum macht kalter Kaffee eigentlich sch\u00f6n?&#8220; ging es durch den 15. Bezirk. Einige Stimmen und &hellip; <a href=\"http:\/\/www.kv15.wien\/wp\/so-04-10-2020-15-00-uhr-alles-leiwand-im-15-hieb\/\" class=\"more-link\"><span class=\"screen-reader-text\">04.10.2020, 15.00 Uhr: Alles leiwand im 15. Hieb!<\/span> weiterlesen<\/a><\/p>\n","protected":false},"author":2,"featured_media":0,"comment_status":"open","ping_status":"open","sticky":false,"template":"","format":"standard","meta":{"jetpack_post_was_ever_published":false,"_jetpack_newsletter_access":"","_jetpack_dont_email_post_to_subs":true,"_jetpack_newsletter_tier_id":0,"_jetpack_memberships_contains_paywalled_content":false,"_jetpack_memberships_contains_paid_content":false,"footnotes":"","jetpack_publicize_message":"","jetpack_publicize_feature_enabled":true,"jetpack_social_post_already_shared":true,"jetpack_social_options":{"image_generator_settings":{"template":"highway","enabled":false},"version":2}},"categories":[1],"tags":[],"class_list":["post-2455","post","type-post","status-publish","format-standard","hentry","category-allgemein"],"jetpack_publicize_connections":[],"jetpack_featured_media_url":"","jetpack_sharing_enabled":true,"jetpack_shortlink":"https:\/\/wp.me\/p6cSHv-DB","_links":{"self":[{"href":"http:\/\/www.kv15.wien\/wp\/wp-json\/wp\/v2\/posts\/2455","targetHints":{"allow":["GET"]}}],"collection":[{"href":"http:\/\/www.kv15.wien\/wp\/wp-json\/wp\/v2\/posts"}],"about":[{"href":"http:\/\/www.kv15.wien\/wp\/wp-json\/wp\/v2\/types\/post"}],"author":[{"embeddable":true,"href":"http:\/\/www.kv15.wien\/wp\/wp-json\/wp\/v2\/users\/2"}],"replies":[{"embeddable":true,"href":"http:\/\/www.kv15.wien\/wp\/wp-json\/wp\/v2\/comments?post=2455"}],"version-history":[{"count":7,"href":"http:\/\/www.kv15.wien\/wp\/wp-json\/wp\/v2\/posts\/2455\/revisions"}],"predecessor-version":[{"id":2551,"href":"http:\/\/www.kv15.wien\/wp\/wp-json\/wp\/v2\/posts\/2455\/revisions\/2551"}],"wp:attachment":[{"href":"http:\/\/www.kv15.wien\/wp\/wp-json\/wp\/v2\/media?parent=2455"}],"wp:term":[{"taxonomy":"category","embeddable":true,"href":"http:\/\/www.kv15.wien\/wp\/wp-json\/wp\/v2\/categories?post=2455"},{"taxonomy":"post_tag","embeddable":true,"href":"http:\/\/www.kv15.wien\/wp\/wp-json\/wp\/v2\/tags?post=2455"}],"curies":[{"name":"wp","href":"https:\/\/api.w.org\/{rel}","templated":true}]}}